{"id":1293,"date":"2023-12-27T12:03:00","date_gmt":"2023-12-27T15:03:00","guid":{"rendered":"https:\/\/martillerosdesalta.org.ar\/web\/?p=1293"},"modified":"2023-12-27T12:03:00","modified_gmt":"2023-12-27T15:03:00","slug":"notificacion-para-matriculados","status":"publish","type":"post","link":"https:\/\/martillerosdesalta.org.ar\/web\/notificacion-para-matriculados\/","title":{"rendered":"NOTIFICACION PARA MATRICULADOS"},"content":{"rendered":"<p>Sres. Colegiados:<\/p>\n<p>Se informa que el colegio estar\u00e1 en receso vacacional desde el d\u00eda 2 de enero y hasta el d\u00eda 15 inclusive, retomando las actividades el d\u00eda Martes 16 de enero hasta el d\u00eda jueves 1 de febrero atendiendo los d\u00edas Martes y Jueves de 10 a 13.<\/p>\n<p>Desde el d\u00eda lunes 5 de febrero la atenci\u00f3n ser\u00e1 normal en horario habitual.<\/p>\n<p>Requisitos de matriculaci\u00f3n anual:<\/p>\n<p><strong>*CONSTANCIA DE INSCRIPCI\u00d3N AFIP Y RENTAS<\/strong><\/p>\n<p><strong>*LIBROS CONTABLES<\/strong><\/p>\n<p><strong>*SEGURO DE CAUCI\u00d3N POR UNA PRIMA DE $200.000<\/strong><\/p>\n<p><strong>*DECLARACION JURADA FIRMADA<\/strong><\/p>\n<p><strong>*FOTOCOPIA ACTUALIZADA DEL DNI<\/strong><\/p>\n<p><u>Se aclara que deben presentar constancia de inscripci\u00f3n de AFIP Y RENTAS, no constancia de pago<\/u><\/p>\n<p>Se les reitera la obligatoriedad de dejar una copia del acta de Remate sellada por DGR para su correspondiente archivo<\/p>\n<p>Para realizar pagos de cuotas pueden hacerlo presencial los d\u00edas mencionados o por transferencia bancaria. El comprobante se debe enviar por correo electr\u00f3nico al\u00a0<a href=\"mailto:colegioprofesionalmartillerosdesalta@hotmail.com.ar\" target=\"_blank\" rel=\"noopener\">colegioprofesionalmartillerosdesalta@hotmail.com.ar<\/a>, al tel\u00e9fono del secretario Venegas 3874493850 o del presidente Rivas Vila 3874184274.<\/p>\n<p>Cta. Cte. en $ N\u00ba0156871-100\/5<\/p>\n<p>CBU 2590104510015687110057<\/p>\n<p>ALIAS: CHALACO<\/p>\n<p>CUIT 30-71364420-6<\/p>\n<p>&nbsp;<\/p>\n<p>Atte. Comisi\u00f3n Directiva<\/p>\n","protected":false},"excerpt":{"rendered":"<p>Sres. Colegiados: Se informa que el colegio estar\u00e1 en receso vacacional desde el d\u00eda 2 de enero y hasta el d\u00eda 15 inclusive, retomando las actividades el d\u00eda Martes 16 de enero hasta el d\u00eda jueves 1 de febrero atendiendo los d\u00edas Martes y Jueves de 10 a 13. Desde el d\u00eda lunes 5 de [&hellip;]<\/p>\n","protected":false},"author":3,"featured_media":0,"comment_status":"open","ping_status":"open","sticky":false,"template":"","format":"standard","meta":{"site-sidebar-layout":"default","site-content-layout":"default","ast-site-content-layout":"default","site-content-style":"default","site-sidebar-style":"default","ast-global-header-display":"","ast-banner-title-visibility":"","ast-main-header-display":"","ast-hfb-above-header-display":"","ast-hfb-below-header-display":"","ast-hfb-mobile-header-display":"","site-post-title":"","ast-breadcrumbs-content":"","ast-featured-img":"","footer-sml-layout":"","ast-disable-related-posts":"","theme-transparent-header-meta":"default","adv-header-id-meta":"","stick-header-meta":"","header-above-stick-meta":"","header-main-stick-meta":"","header-below-stick-meta":"","astra-migrate-meta-layouts":"default","ast-page-background-enabled":"default","ast-page-background-meta":{"desktop":{"background-color":"","background-image":"","background-repeat":"repeat","background-position":"center center","background-size":"auto","background-attachment":"scroll","background-type":"","background-media":"","overlay-type":"","overlay-color":"","overlay-opacity":"","overlay-gradient":""},"tablet":{"background-color":"","background-image":"","background-repeat":"repeat","background-position":"center center","background-size":"auto","background-attachment":"scroll","background-type":"","background-media":"","overlay-type":"","overlay-color":"","overlay-opacity":"","overlay-gradient":""},"mobile":{"background-color":"","background-image":"","background-repeat":"repeat","background-position":"center center","background-size":"auto","background-attachment":"scroll","background-type":"","background-media":"","overlay-type":"","overlay-color":"","overlay-opacity":"","overlay-gradient":""}},"ast-content-background-meta":{"desktop":{"background-color":"var(--ast-global-color-5)","background-image":"","background-repeat":"repeat","background-position":"center center","background-size":"auto","background-attachment":"scroll","background-type":"","background-media":"","overlay-type":"","overlay-color":"","overlay-opacity":"","overlay-gradient":""},"tablet":{"background-color":"var(--ast-global-color-5)","background-image":"","background-repeat":"repeat","background-position":"center center","background-size":"auto","background-attachment":"scroll","background-type":"","background-media":"","overlay-type":"","overlay-color":"","overlay-opacity":"","overlay-gradient":""},"mobile":{"background-color":"var(--ast-global-color-5)","background-image":"","background-repeat":"repeat","background-position":"center center","background-size":"auto","background-attachment":"scroll","background-type":"","background-media":"","overlay-type":"","overlay-color":"","overlay-opacity":"","overlay-gradient":""}},"footnotes":""},"categories":[1],"tags":[],"class_list":["post-1293","post","type-post","status-publish","format-standard","hentry","category-sin-categoria"],"_links":{"self":[{"href":"https:\/\/martillerosdesalta.org.ar\/web\/wp-json\/wp\/v2\/posts\/1293","targetHints":{"allow":["GET"]}}],"collection":[{"href":"https:\/\/martillerosdesalta.org.ar\/web\/wp-json\/wp\/v2\/posts"}],"about":[{"href":"https:\/\/martillerosdesalta.org.ar\/web\/wp-json\/wp\/v2\/types\/post"}],"author":[{"embeddable":true,"href":"https:\/\/martillerosdesalta.org.ar\/web\/wp-json\/wp\/v2\/users\/3"}],"replies":[{"embeddable":true,"href":"https:\/\/martillerosdesalta.org.ar\/web\/wp-json\/wp\/v2\/comments?post=1293"}],"version-history":[{"count":1,"href":"https:\/\/martillerosdesalta.org.ar\/web\/wp-json\/wp\/v2\/posts\/1293\/revisions"}],"predecessor-version":[{"id":1294,"href":"https:\/\/martillerosdesalta.org.ar\/web\/wp-json\/wp\/v2\/posts\/1293\/revisions\/1294"}],"wp:attachment":[{"href":"https:\/\/martillerosdesalta.org.ar\/web\/wp-json\/wp\/v2\/media?parent=1293"}],"wp:term":[{"taxonomy":"category","embeddable":true,"href":"https:\/\/martillerosdesalta.org.ar\/web\/wp-json\/wp\/v2\/categories?post=1293"},{"taxonomy":"post_tag","embeddable":true,"href":"https:\/\/martillerosdesalta.org.ar\/web\/wp-json\/wp\/v2\/tags?post=1293"}],"curies":[{"name":"wp","href":"https:\/\/api.w.org\/{rel}","templated":true}]}}